{"id":402,"date":"2026-01-23T20:03:43","date_gmt":"2026-01-23T19:03:43","guid":{"rendered":"http:\/\/slowfood-provence.fr\/?p=402"},"modified":"2026-01-23T20:03:43","modified_gmt":"2026-01-23T19:03:43","slug":"initiative-citoyenne-europeenne-lalimentation-est-un-droit-humain-pour-toutes-et-tous-garantir-des-systemes-alimentaires-sains-justes-et-durables","status":"publish","type":"post","link":"https:\/\/slowfood-provence.fr\/?p=402","title":{"rendered":"Initiative citoyenne europ\u00e9enne : l\u2019alimentation est un droit humain pour toutes et tous ! Garantir des syst\u00e8mes alimentaires sains, justes et durables !"},"content":{"rendered":"\n<h3 class=\"wp-block-heading\">Signez cette p\u00e9tition d&rsquo;initiative europ\u00e9enne citoyenne. Elle est soutenue par Slow Food.<\/h3>\n\n\n\n<h3 class=\"wp-block-heading\"><a href=\"https:\/\/eci.ec.europa.eu\/053\/public\/#\/screen\/home\" data-type=\"link\" data-id=\"https:\/\/eci.ec.europa.eu\/053\/public\/#\/screen\/home\">https:\/\/eci.ec.europa.eu\/053\/public\/#\/screen\/home<\/a> <\/h3>\n\n\n\n<h3 class=\"wp-block-heading\">Ses objectifs :<\/h3>\n\n\n\n<p>Au moins un cinqui\u00e8me de la population europ\u00e9enne n\u2019a pas acc\u00e8s \u00e0 une alimentation ad\u00e9quate. Les syst\u00e8mes alimentaires industriels aggravent l\u2019ins\u00e9curit\u00e9 alimentaire, le changement climatique, la pollution, la perte de biodiversit\u00e9, l\u2019exploitation des travailleurs et travailleuses et la souffrance des animaux. L\u2019UE doit garantir le droit \u00e0 l\u2019alimentation de mani\u00e8re syst\u00e9mique et promouvoir des syst\u00e8mes alimentaires sains, justes, humains et durables pour les g\u00e9n\u00e9rations actuelles et futures. Pour atteindre ces objectifs, il convient de proposer ou de modifier des actes juridiques de l\u2019UE dans les domaines suivants:<\/p>\n\n\n\n<p>\u2022 syst\u00e8mes alimentaires \u00e9quitables et gouvernance d\u00e9mocratique;<\/p>\n\n\n\n<p>\u2022 soutien aux initiatives nationales de protection sociale; \u2022 reconnaissance du fait que les produits agricoles et les denr\u00e9es alimentaires ne sont pas des marchandises ordinaires;<\/p>\n\n\n\n<p>\u2022 soutien \u00e0 l\u2019agro\u00e9cologie paysanne et aux syst\u00e8mes alimentaires territoriaux;<\/p>\n\n\n\n<p>\u2022 lutte contre la concentration des terres agricoles;<\/p>\n\n\n\n<p>\u2022 soutien aux syst\u00e8mes de semences paysannes;<\/p>\n\n\n\n<p>\u2022 r\u00e9glementation stricte des OGM, y compris ceux obtenus par les nouvelles techniques g\u00e9nomiques;<\/p>\n\n\n\n<p>\u2022 gestion durable de l\u2019eau;<\/p>\n\n\n\n<p>\u2022 renforcement du bien-\u00eatre animal;<\/p>\n\n\n\n<p>\u2022 soutien \u00e0 la consommation de fruits et l\u00e9gumes et r\u00e9glementation des aliments ultra-transform\u00e9s;<\/p>\n\n\n\n<p>\u2022 approvisionnement alimentaire durable;<\/p>\n\n\n\n<p>\u2022 \u00e9tiquetage significatif des denr\u00e9es alimentaires;<\/p>\n\n\n\n<p>\u2022 lutte contre le gaspillage alimentaire;<\/p>\n\n\n\n<p>\u2022 renforcement du droit \u00e0 l\u2019alimentation dans les pays tiers.<\/p>\n\n\n\n<p>Les signataires appellent l\u2019UE \u00e0 faire du droit \u00e0 l\u2019alimentation une r\u00e9alit\u00e9 et \u00e0 l\u2019int\u00e9grer dans le cadre juridique de l\u2019UE qui a un impact sur le droit \u00e0 l\u2019alimentation dans l\u2019UE et \u00e0 l\u2019\u00e9tranger.<\/p>\n","protected":false},"excerpt":{"rendered":"<p>Signez cette p\u00e9tition d&rsquo;initiative europ\u00e9enne citoyenne. Elle est soutenue par Slow Food. https:\/\/eci.ec.europa.eu\/053\/public\/#\/screen\/home Ses objectifs : Au moins un cinqui\u00e8me<\/p>\n","protected":false},"author":1,"featured_media":403,"comment_status":"closed","ping_status":"open","sticky":false,"template":"","format":"standard","meta":{"footnotes":""},"categories":[15,9],"tags":[],"class_list":["post-402","post","type-post","status-publish","format-standard","has-post-thumbnail","hentry","category-actions","category-agriculture","comments-off"],"_links":{"self":[{"href":"https:\/\/slowfood-provence.fr\/index.php?rest_route=\/wp\/v2\/posts\/402","targetHints":{"allow":["GET"]}}],"collection":[{"href":"https:\/\/slowfood-provence.fr\/index.php?rest_route=\/wp\/v2\/posts"}],"about":[{"href":"https:\/\/slowfood-provence.fr\/index.php?rest_route=\/wp\/v2\/types\/post"}],"author":[{"embeddable":true,"href":"https:\/\/slowfood-provence.fr\/index.php?rest_route=\/wp\/v2\/users\/1"}],"replies":[{"embeddable":true,"href":"https:\/\/slowfood-provence.fr\/index.php?rest_route=%2Fwp%2Fv2%2Fcomments&post=402"}],"version-history":[{"count":1,"href":"https:\/\/slowfood-provence.fr\/index.php?rest_route=\/wp\/v2\/posts\/402\/revisions"}],"predecessor-version":[{"id":404,"href":"https:\/\/slowfood-provence.fr\/index.php?rest_route=\/wp\/v2\/posts\/402\/revisions\/404"}],"wp:featuredmedia":[{"embeddable":true,"href":"https:\/\/slowfood-provence.fr\/index.php?rest_route=\/wp\/v2\/media\/403"}],"wp:attachment":[{"href":"https:\/\/slowfood-provence.fr\/index.php?rest_route=%2Fwp%2Fv2%2Fmedia&parent=402"}],"wp:term":[{"taxonomy":"category","embeddable":true,"href":"https:\/\/slowfood-provence.fr\/index.php?rest_route=%2Fwp%2Fv2%2Fcategories&post=402"},{"taxonomy":"post_tag","embeddable":true,"href":"https:\/\/slowfood-provence.fr\/index.php?rest_route=%2Fwp%2Fv2%2Ftags&post=402"}],"curies":[{"name":"wp","href":"https:\/\/api.w.org\/{rel}","templated":true}]}}