{"id":504,"date":"2026-04-22T19:00:50","date_gmt":"2026-04-22T17:00:50","guid":{"rendered":"http:\/\/slowfood-provence.fr\/?p=504"},"modified":"2026-04-22T19:04:00","modified_gmt":"2026-04-22T17:04:00","slug":"pierre-mollo","status":"publish","type":"post","link":"https:\/\/slowfood-provence.fr\/?p=504","title":{"rendered":"Pierre Mollo"},"content":{"rendered":"\n<p>Pierre Mollo, l\u2019un des piliers de l\u2019\u00e9quipe de l\u2019Encre de mer, nous a quitt\u00e9s hier, et pourtant son visage s\u2019immisce dans mes pens\u00e9es chaque fois que le plancton se pr\u00e9sente \u00e0 mon esprit, et c\u2019est souvent depuis que je sais, gr\u00e2ce \u00e0 lui, que la javel ou n\u2019importe quel produit toxique, domestique ou non, se retrouve dans la mer et d\u00e9truit des colonies, que le printemps est favorable \u00e0 un bloom planctonique, qu\u2019un rel\u00e2cher brutal de barrage d\u2019eau douce peut \u00eatre fatal \u00e0 cette mini-faune ou mini-flore, que le m\u00e9lange de la terre, du soleil et des eaux lui est profond\u00e9ment favorable, que ces boues gluantes sur les cordages des bateaux du port rec\u00e8lent des formes miroitantes.<\/p>\n\n\n\n<p>Comment oublier les images sur l\u2019\u00e9cran, ou au microscope, de cet univers voil\u00e9, rempli de formes mirifiques dignes des meilleurs joailliers, et d\u2019\u00eatres cocasses qui, par myriades, peuplent notre \u00e9l\u00e9ment liquide&nbsp;?<\/p>\n\n\n\n<p>Scientifique, conteur et passionn\u00e9, \u00e0 combien de personnes as-tu fait d\u00e9couvrir ce monde de diatom\u00e9es (celles que tu pr\u00e9f\u00e9rais je crois), de coccolites, de cop\u00e9podes et autres larves de mollusques, crustac\u00e9s, poissons ou \u00e9toiles de mer \u2026&nbsp;?<\/p>\n\n\n\n<p>Que ton public soit adulte ou juv\u00e9nile, qu\u2019il soit compos\u00e9 de scientifiques, de gens de m\u00e9tiers comme les p\u00eacheurs, les ostr\u00e9iculteurs, les paludiers, d\u2019artistes &#8211; photographes, peintres, musiciens\u2026 &#8211; ou simplement de vacanciers, tu fascinais tout le monde. C\u2019\u00e9tait toujours enchanteur d\u2019organiser une conf\u00e9rence plancton avec toi. Tout le monde en ressortait heureux, avec des \u00e9toiles de mer plein les yeux&nbsp;!<\/p>\n\n\n\n<p>Au-del\u00e0 de tes talents, nombreux, de ton insatiable curiosit\u00e9, de ta passion men\u00e9e de bout en bout sans jamais abandonner quoi que ce soit \u2013 quand \u00e7a bloquait quelque part, tu essayais autre chose, sans rel\u00e2che\u2026 Au-del\u00e0 de tes connaissances vertigineuses, de ton exp\u00e9rience \u00e9prouv\u00e9e dans diff\u00e9rentes r\u00e9gions de France et du monde, il y avait la simplicit\u00e9 avec laquelle tu abordais les gens, ton humilit\u00e9 devant les gens de m\u00e9tiers, ton honn\u00eatet\u00e9 et ta franchise, ton humour, ta l\u00e9g\u00e8ret\u00e9, et surtout ta capacit\u00e9 \u00e0 donner tout ce que tu pouvais pour faire avancer le savoir, l\u2019ouverture, l\u2019amiti\u00e9, la bonne humeur.<\/p>\n\n\n\n<p>Tu r\u00e9pondais aux demandes des uns et des autres, faisant dans la semaine des copies de films ou de photos, partageant ton carnet d\u2019adresse, ou plut\u00f4t des liens que tu tissais avec les uns et les autres, dans un domaine aussi vaste que la mer. Rarement, j\u2019ai crois\u00e9 quelqu\u2019un d\u2019aussi \u00ab&nbsp;collectif&nbsp;\u00bb.<\/p>\n\n\n\n<p>Merci Pierre d\u2019avoir \u00e9t\u00e9 ainsi, j\u2019ai \u00e9t\u00e9 vraiment heureuse, comme beaucoup j\u2019imagine, d\u2019avoir fait un bout de route avec toi. Merci \u00e0 ta famille qui t\u2019a \u00e9paul\u00e9 dans ton parcours aventureux. Dans l\u2019infini des \u00e9toiles ou du plancton, je me plais \u00e0 penser que nous restons unis.<\/p>\n\n\n\n<p>Elisabeth Tempier, L&rsquo;Encre de Mer<\/p>\n","protected":false},"excerpt":{"rendered":"<p>Pierre Mollo, l\u2019un des piliers de l\u2019\u00e9quipe de l\u2019Encre de mer, nous a quitt\u00e9s hier, et pourtant son visage s\u2019immisce<\/p>\n","protected":false},"author":1,"featured_media":505,"comment_status":"closed","ping_status":"open","sticky":false,"template":"","format":"standard","meta":{"footnotes":""},"categories":[19],"tags":[],"class_list":["post-504","post","type-post","status-publish","format-standard","has-post-thumbnail","hentry","category-plancton","comments-off"],"_links":{"self":[{"href":"https:\/\/slowfood-provence.fr\/index.php?rest_route=\/wp\/v2\/posts\/504","targetHints":{"allow":["GET"]}}],"collection":[{"href":"https:\/\/slowfood-provence.fr\/index.php?rest_route=\/wp\/v2\/posts"}],"about":[{"href":"https:\/\/slowfood-provence.fr\/index.php?rest_route=\/wp\/v2\/types\/post"}],"author":[{"embeddable":true,"href":"https:\/\/slowfood-provence.fr\/index.php?rest_route=\/wp\/v2\/users\/1"}],"replies":[{"embeddable":true,"href":"https:\/\/slowfood-provence.fr\/index.php?rest_route=%2Fwp%2Fv2%2Fcomments&post=504"}],"version-history":[{"count":3,"href":"https:\/\/slowfood-provence.fr\/index.php?rest_route=\/wp\/v2\/posts\/504\/revisions"}],"predecessor-version":[{"id":508,"href":"https:\/\/slowfood-provence.fr\/index.php?rest_route=\/wp\/v2\/posts\/504\/revisions\/508"}],"wp:featuredmedia":[{"embeddable":true,"href":"https:\/\/slowfood-provence.fr\/index.php?rest_route=\/wp\/v2\/media\/505"}],"wp:attachment":[{"href":"https:\/\/slowfood-provence.fr\/index.php?rest_route=%2Fwp%2Fv2%2Fmedia&parent=504"}],"wp:term":[{"taxonomy":"category","embeddable":true,"href":"https:\/\/slowfood-provence.fr\/index.php?rest_route=%2Fwp%2Fv2%2Fcategories&post=504"},{"taxonomy":"post_tag","embeddable":true,"href":"https:\/\/slowfood-provence.fr\/index.php?rest_route=%2Fwp%2Fv2%2Ftags&post=504"}],"curies":[{"name":"wp","href":"https:\/\/api.w.org\/{rel}","templated":true}]}}